{"id":3601,"date":"2020-04-04T20:03:34","date_gmt":"2020-04-04T23:03:34","guid":{"rendered":"http:\/\/augustobaffa.pro.br\/site\/?p=3601"},"modified":"2020-08-28T16:05:43","modified_gmt":"2020-08-28T19:05:43","slug":"relatorio-covid-19-04-de-abril-de-2020","status":"publish","type":"post","link":"https:\/\/augustobaffa.pro.br\/site\/2020\/04\/relatorio-covid-19-04-de-abril-de-2020\/","title":{"rendered":"Relat\u00f3rio COVID-19 04 de Abril de 2020"},"content":{"rendered":"<p>Seguem dados calculados para a pr\u00f3xima semana 05\/04 \u00e0 11\/04.<br \/>\n* Diferen\u00e7as positivas indicam que houveram mais casos que o estimado.<br \/>\n** Estimativa realizada utilizando dados oficiais publicados. Pode variar dependendo da qualidade das notifica\u00e7\u00f5es.<\/p>\n<h3>Relat\u00f3rio Brasil:<\/h3>\n<p><img loading=\"lazy\" decoding=\"async\" class=\"aligncenter size-full wp-image-3583\" src=\"https:\/\/augustobaffa.pro.br\/site\/wp-content\/uploads\/2020\/04\/grafico_brasil_0404.png\" alt=\"\" width=\"802\" height=\"543\" \/><\/p>\n<p><img loading=\"lazy\" decoding=\"async\" data-attachment-id=\"3582\" data-permalink=\"https:\/\/augustobaffa.pro.br\/site\/2020\/04\/relatorio-covid-19-11-de-abril-de-2020\/dados_brasil_1104\/#main\" data-orig-file=\"https:\/\/augustobaffa.pro.br\/site\/wp-content\/uploads\/2020\/04\/dados_brasil_1104.png\" data-orig-size=\"1130,626\" data-comments-opened=\"1\" data-image-meta=\"{&quot;aperture&quot;:&quot;0&quot;,&quot;credit&quot;:&quot;&quot;,&quot;camera&quot;:&quot;&quot;,&quot;caption&quot;:&quot;&quot;,&quot;created_timestamp&quot;:&quot;0&quot;,&quot;copyright&quot;:&quot;&quot;,&quot;focal_length&quot;:&quot;0&quot;,&quot;iso&quot;:&quot;0&quot;,&quot;shutter_speed&quot;:&quot;0&quot;,&quot;title&quot;:&quot;&quot;,&quot;orientation&quot;:&quot;0&quot;}\" data-image-title=\"dados_brasil_1104\" data-image-description=\"\" data-image-caption=\"\" data-large-file=\"https:\/\/augustobaffa.pro.br\/site\/wp-content\/uploads\/2020\/04\/dados_brasil_1104-1024x567.png\" class=\"aligncenter size-large wp-image-3582\" src=\"https:\/\/augustobaffa.pro.br\/site\/wp-content\/uploads\/2020\/04\/dados_brasil_0404-1024x567.png\" alt=\"\" width=\"720\" height=\"399\" \/><\/p>\n<p><img loading=\"lazy\" decoding=\"async\" data-attachment-id=\"3581\" data-permalink=\"https:\/\/augustobaffa.pro.br\/site\/2020\/04\/relatorio-covid-19-11-de-abril-de-2020\/grafico2_brasil_1104\/#main\" data-orig-file=\"https:\/\/augustobaffa.pro.br\/site\/wp-content\/uploads\/2020\/04\/grafico2_brasil_1104.png\" data-orig-size=\"797,557\" data-comments-opened=\"1\" data-image-meta=\"{&quot;aperture&quot;:&quot;0&quot;,&quot;credit&quot;:&quot;&quot;,&quot;camera&quot;:&quot;&quot;,&quot;caption&quot;:&quot;&quot;,&quot;created_timestamp&quot;:&quot;0&quot;,&quot;copyright&quot;:&quot;&quot;,&quot;focal_length&quot;:&quot;0&quot;,&quot;iso&quot;:&quot;0&quot;,&quot;shutter_speed&quot;:&quot;0&quot;,&quot;title&quot;:&quot;&quot;,&quot;orientation&quot;:&quot;0&quot;}\" data-image-title=\"grafico2_brasil_1104\" data-image-description=\"\" data-image-caption=\"\" data-large-file=\"https:\/\/augustobaffa.pro.br\/site\/wp-content\/uploads\/2020\/04\/grafico2_brasil_1104.png\" class=\"aligncenter size-full wp-image-3581\" src=\"https:\/\/augustobaffa.pro.br\/site\/wp-content\/uploads\/2020\/04\/grafico2_brasil_0404.png\" alt=\"\" width=\"797\" height=\"557\" \/><\/p>\n<h3>Relat\u00f3rio Estado do Rio de Janeiro:<\/h3>\n<p><img loading=\"lazy\" decoding=\"async\" class=\"aligncenter size-full wp-image-3576\" src=\"https:\/\/augustobaffa.pro.br\/site\/wp-content\/uploads\/2020\/04\/grafico_rj_0404.png\" alt=\"\" width=\"803\" height=\"547\" \/><\/p>\n<p><img loading=\"lazy\" decoding=\"async\" data-attachment-id=\"3578\" data-permalink=\"https:\/\/augustobaffa.pro.br\/site\/2020\/04\/relatorio-covid-19-11-de-abril-de-2020\/dados_rj_1104\/#main\" data-orig-file=\"https:\/\/augustobaffa.pro.br\/site\/wp-content\/uploads\/2020\/04\/dados_rj_1104.png\" data-orig-size=\"1138,631\" data-comments-opened=\"1\" data-image-meta=\"{&quot;aperture&quot;:&quot;0&quot;,&quot;credit&quot;:&quot;&quot;,&quot;camera&quot;:&quot;&quot;,&quot;caption&quot;:&quot;&quot;,&quot;created_timestamp&quot;:&quot;0&quot;,&quot;copyright&quot;:&quot;&quot;,&quot;focal_length&quot;:&quot;0&quot;,&quot;iso&quot;:&quot;0&quot;,&quot;shutter_speed&quot;:&quot;0&quot;,&quot;title&quot;:&quot;&quot;,&quot;orientation&quot;:&quot;0&quot;}\" data-image-title=\"dados_rj_1104\" data-image-description=\"\" data-image-caption=\"\" data-large-file=\"https:\/\/augustobaffa.pro.br\/site\/wp-content\/uploads\/2020\/04\/dados_rj_1104-1024x568.png\" class=\"aligncenter size-large wp-image-3578\" src=\"https:\/\/augustobaffa.pro.br\/site\/wp-content\/uploads\/2020\/04\/dados_rj_0404.png\" alt=\"\" width=\"720\" height=\"399\" \/><\/p>\n<p><img loading=\"lazy\" decoding=\"async\" data-attachment-id=\"3577\" data-permalink=\"https:\/\/augustobaffa.pro.br\/site\/2020\/04\/relatorio-covid-19-11-de-abril-de-2020\/grafico2_rj_1104\/#main\" data-orig-file=\"https:\/\/augustobaffa.pro.br\/site\/wp-content\/uploads\/2020\/04\/grafico2_rj_1104.png\" data-orig-size=\"785,543\" data-comments-opened=\"1\" data-image-meta=\"{&quot;aperture&quot;:&quot;0&quot;,&quot;credit&quot;:&quot;&quot;,&quot;camera&quot;:&quot;&quot;,&quot;caption&quot;:&quot;&quot;,&quot;created_timestamp&quot;:&quot;0&quot;,&quot;copyright&quot;:&quot;&quot;,&quot;focal_length&quot;:&quot;0&quot;,&quot;iso&quot;:&quot;0&quot;,&quot;shutter_speed&quot;:&quot;0&quot;,&quot;title&quot;:&quot;&quot;,&quot;orientation&quot;:&quot;0&quot;}\" data-image-title=\"grafico2_rj_1104\" data-image-description=\"\" data-image-caption=\"\" data-large-file=\"https:\/\/augustobaffa.pro.br\/site\/wp-content\/uploads\/2020\/04\/grafico2_rj_1104.png\" class=\"aligncenter size-full wp-image-3577\" src=\"https:\/\/augustobaffa.pro.br\/site\/wp-content\/uploads\/2020\/04\/grafico2_rj_0404.png\" alt=\"\" width=\"785\" height=\"543\" \/><\/p>\n<h3>Relat\u00f3rio Munic\u00edpio do Rio de Janeiro:<\/h3>\n<p><img loading=\"lazy\" decoding=\"async\" class=\"aligncenter size-full wp-image-3576\" src=\"https:\/\/augustobaffa.pro.br\/site\/wp-content\/uploads\/2020\/04\/grafico_rio_0404.png\" alt=\"\" width=\"803\" height=\"547\" \/><\/p>\n<p><img loading=\"lazy\" decoding=\"async\" data-attachment-id=\"3578\" data-permalink=\"https:\/\/augustobaffa.pro.br\/site\/2020\/04\/relatorio-covid-19-11-de-abril-de-2020\/dados_rj_1104\/#main\" data-orig-file=\"https:\/\/augustobaffa.pro.br\/site\/wp-content\/uploads\/2020\/04\/dados_rj_1104.png\" data-orig-size=\"1138,631\" data-comments-opened=\"1\" data-image-meta=\"{&quot;aperture&quot;:&quot;0&quot;,&quot;credit&quot;:&quot;&quot;,&quot;camera&quot;:&quot;&quot;,&quot;caption&quot;:&quot;&quot;,&quot;created_timestamp&quot;:&quot;0&quot;,&quot;copyright&quot;:&quot;&quot;,&quot;focal_length&quot;:&quot;0&quot;,&quot;iso&quot;:&quot;0&quot;,&quot;shutter_speed&quot;:&quot;0&quot;,&quot;title&quot;:&quot;&quot;,&quot;orientation&quot;:&quot;0&quot;}\" data-image-title=\"dados_rj_1104\" data-image-description=\"\" data-image-caption=\"\" data-large-file=\"https:\/\/augustobaffa.pro.br\/site\/wp-content\/uploads\/2020\/04\/dados_rj_1104-1024x568.png\" class=\"aligncenter size-large wp-image-3578\" src=\"https:\/\/augustobaffa.pro.br\/site\/wp-content\/uploads\/2020\/04\/dados_rio_0404.png\" alt=\"\" width=\"720\" height=\"399\" \/><\/p>\n<p><img loading=\"lazy\" decoding=\"async\" data-attachment-id=\"3577\" data-permalink=\"https:\/\/augustobaffa.pro.br\/site\/2020\/04\/relatorio-covid-19-11-de-abril-de-2020\/grafico2_rj_1104\/#main\" data-orig-file=\"https:\/\/augustobaffa.pro.br\/site\/wp-content\/uploads\/2020\/04\/grafico2_rj_1104.png\" data-orig-size=\"785,543\" data-comments-opened=\"1\" data-image-meta=\"{&quot;aperture&quot;:&quot;0&quot;,&quot;credit&quot;:&quot;&quot;,&quot;camera&quot;:&quot;&quot;,&quot;caption&quot;:&quot;&quot;,&quot;created_timestamp&quot;:&quot;0&quot;,&quot;copyright&quot;:&quot;&quot;,&quot;focal_length&quot;:&quot;0&quot;,&quot;iso&quot;:&quot;0&quot;,&quot;shutter_speed&quot;:&quot;0&quot;,&quot;title&quot;:&quot;&quot;,&quot;orientation&quot;:&quot;0&quot;}\" data-image-title=\"grafico2_rj_1104\" data-image-description=\"\" data-image-caption=\"\" data-large-file=\"https:\/\/augustobaffa.pro.br\/site\/wp-content\/uploads\/2020\/04\/grafico2_rj_1104.png\" class=\"aligncenter size-full wp-image-3577\" src=\"https:\/\/augustobaffa.pro.br\/site\/wp-content\/uploads\/2020\/04\/grafico2_rio_0404.png\" alt=\"\" width=\"785\" height=\"543\" \/><\/p>\n","protected":false},"excerpt":{"rendered":"<p>Seguem dados calculados para a pr\u00f3xima semana 05\/04 \u00e0 11\/04. * Diferen\u00e7as positivas indicam que houveram mais casos que o estimado. ** Estimativa realizada utilizando dados oficiais publicados. Pode variar dependendo da qualidade das notifica\u00e7\u00f5es. Relat\u00f3rio Brasil: Relat\u00f3rio Estado do Rio de Janeiro: Relat\u00f3rio Munic\u00edpio do Rio de Janeiro:<\/p>\n","protected":false},"author":1,"featured_media":3594,"comment_status":"open","ping_status":"open","sticky":false,"template":"","format":"standard","meta":{"jetpack_post_was_ever_published":false,"_jetpack_newsletter_access":"","_jetpack_dont_email_post_to_subs":false,"_jetpack_newsletter_tier_id":0,"_jetpack_memberships_contains_paywalled_content":false,"_jetpack_memberships_contains_paid_content":false,"footnotes":"","jetpack_publicize_message":"","jetpack_publicize_feature_enabled":true,"jetpack_social_post_already_shared":true,"jetpack_social_options":{"image_generator_settings":{"template":"highway","default_image_id":0,"font":"","enabled":false},"version":2}},"categories":[15],"tags":[],"class_list":{"0":"post-3601","1":"post","2":"type-post","3":"status-publish","4":"format-standard","5":"has-post-thumbnail","6":"hentry","7":"category-covid-19","9":"post-with-thumbnail","10":"post-with-thumbnail-icon"},"jetpack_publicize_connections":[],"jetpack_featured_media_url":"https:\/\/augustobaffa.pro.br\/site\/wp-content\/uploads\/2020\/04\/covid19-4946260_640.jpg","jetpack_sharing_enabled":true,"jetpack_shortlink":"https:\/\/wp.me\/p45Kmr-W5","jetpack-related-posts":[],"_links":{"self":[{"href":"https:\/\/augustobaffa.pro.br\/site\/wp-json\/wp\/v2\/posts\/3601","targetHints":{"allow":["GET"]}}],"collection":[{"href":"https:\/\/augustobaffa.pro.br\/site\/wp-json\/wp\/v2\/posts"}],"about":[{"href":"https:\/\/augustobaffa.pro.br\/site\/wp-json\/wp\/v2\/types\/post"}],"author":[{"embeddable":true,"href":"https:\/\/augustobaffa.pro.br\/site\/wp-json\/wp\/v2\/users\/1"}],"replies":[{"embeddable":true,"href":"https:\/\/augustobaffa.pro.br\/site\/wp-json\/wp\/v2\/comments?post=3601"}],"version-history":[{"count":3,"href":"https:\/\/augustobaffa.pro.br\/site\/wp-json\/wp\/v2\/posts\/3601\/revisions"}],"predecessor-version":[{"id":3618,"href":"https:\/\/augustobaffa.pro.br\/site\/wp-json\/wp\/v2\/posts\/3601\/revisions\/3618"}],"wp:featuredmedia":[{"embeddable":true,"href":"https:\/\/augustobaffa.pro.br\/site\/wp-json\/wp\/v2\/media\/3594"}],"wp:attachment":[{"href":"https:\/\/augustobaffa.pro.br\/site\/wp-json\/wp\/v2\/media?parent=3601"}],"wp:term":[{"taxonomy":"category","embeddable":true,"href":"https:\/\/augustobaffa.pro.br\/site\/wp-json\/wp\/v2\/categories?post=3601"},{"taxonomy":"post_tag","embeddable":true,"href":"https:\/\/augustobaffa.pro.br\/site\/wp-json\/wp\/v2\/tags?post=3601"}],"curies":[{"name":"wp","href":"https:\/\/api.w.org\/{rel}","templated":true}]}}